{"id":494,"date":"2026-07-31T02:51:28","date_gmt":"2026-07-31T09:51:28","guid":{"rendered":"http:\/\/51qumi.com\/?p=494"},"modified":"2026-07-31T02:52:55","modified_gmt":"2026-07-31T09:52:55","slug":"circuito-internacional-de-vila-real-2026-historia","status":"publish","type":"post","link":"https:\/\/51qumi.com\/index.php\/2026\/07\/31\/circuito-internacional-de-vila-real-2026-historia\/","title":{"rendered":"Circuito Internacional de Vila Real 2026 Hist\u00f3ria e Emo\u00e7\u00e3o Datas e Hor\u00e1rios"},"content":{"rendered":"<h1>Circuito Internacional de Vila Real 2026 Hist\u00f3ria e Emo\u00e7\u00e3o Datas e Hor\u00e1rios<\/h1>\n<p>O Circuito Internacional de Vila Real regressa em 2026 para mais uma edi\u00e7\u00e3o memor\u00e1vel. Tido como um dos ex-l\u00edbris do desporto autom\u00f3vel nacional, decorre em pleno tra\u00e7ado citadino. <\/p>\n<p>Nas pr\u00f3ximas linhas percorremos os principais destaques deste grande evento, da hist\u00f3ria ao tra\u00e7ado. Fique a par um espet\u00e1culo \u00fanico. <\/p>\n<p>Apontado como um dos tra\u00e7ados mais desafiantes da Europa, o circuito oferece uma experi\u00eancia \u00fanica. Nas sec\u00e7\u00f5es seguintes, percorremos os v\u00e1rios aspetos do evento, sem falhar nenhum detalhe. <\/p>\n<p>Esta cidade do norte transforma-se por completo nesses tr\u00eas dias. O entusiasmo que se vive fazem parte da experi\u00eancia. Al\u00e9m da competi\u00e7\u00e3o, \u00e9 um acontecimento que marca o calend\u00e1rio. <\/p>\n<p>A pista nas ruas da cidade constitui um desafio \u00fanico em cada edi\u00e7\u00e3o. Com cerca de 4,785 quil\u00f3metros e 24 curvas, obriga a nervos de a\u00e7o. \u00c9 esse desafio que eleva o espet\u00e1culo. <\/p>\n<h2>Programa e Hor\u00e1rios do Fim de Semana<\/h2>\n<p>O calend\u00e1rio do fim de semana da prova organizam-se ao longo dos tr\u00eas dias. Tipicamente, a sexta-feira acolhe as primeiras sess\u00f5es, e a competi\u00e7\u00e3o a subir de tom. <\/p>\n<p>No programa participam v\u00e1rios campeonatos, nomeadamente: <\/p>\n<ul>\n<li>A ronda do TCR World Tour, e o famoso formato joker lap. <\/li>\n<li>O Campeonato de Portugal de Velocidade, a representar o automobilismo nacional. <\/li>\n<li>As rel\u00edquias do desporto autom\u00f3vel, com carros raros. <\/li>\n<\/ul>\n<p>Como os hor\u00e1rios podem sofrer ajustes, recomenda-se consultar sempre as fontes oficiais. Vale a pena <a href=\"https:\/\/mundodosjogos-pt.com\/eventos\/circuito-internacional-de-vila-real-2026\/\">descubra porque o Circuito Internacional de Vila Real \u00e9 um cl\u00e1ssico do automobilismo<\/a> nesta an\u00e1liseuma boa forma de se organizar. <\/p>\n<h2>As Datas a Marcar na Agenda<\/h2>\n<p>O Circuito Internacional de Vila Real 2026 acontece de 10 a 12 de julho. \u00c9 de mais uma edi\u00e7\u00e3o, repleto de corridas. Durante o fim de semana, h\u00e1 a\u00e7\u00e3o praticamente sem parar. <\/p>\n<p>N\u00e3o perder estes dias \u00e9 fundamental para n\u00e3o falhar nada. O calor de julho \u00e9 aguardado com expectativa todos os anos. <\/p>\n<p>Conhecer o calend\u00e1rio \u00e9 o ponto de partida. V\u00e1rios visitantes viajam de longe para viver a emo\u00e7\u00e3o ao vivo, o que exige antecipa\u00e7\u00e3o. <\/p>\n<h2>Um Pouco de Hist\u00f3ria do Circuito<\/h2>\n<p>O historial desta prova nasceu nos anos 30, com a corrida inaugural. Durante quase um s\u00e9culo, tornou-se uma refer\u00eancia do desporto autom\u00f3vel. A cidade transmontana escreveram p\u00e1ginas do automobilismo. <\/p>\n<p>Depois de um interregno em v\u00e1rios per\u00edodos, o circuito reafirmou a sua import\u00e2ncia. Nos dias de hoje, o circuito acolhe o TCR World Tour, mantendo viva uma tradi\u00e7\u00e3o de quase um s\u00e9culo. <\/p>\n<p>Poucos circuitos no mundo combinam prest\u00edgio e paix\u00e3o como este evento. \u00c9 essa mistura \u00fanica que atrai adeptos de todas as idades. <\/p>\n<h2>As Imagens que Marcam o Evento<\/h2>\n<p>As imagens do tra\u00e7ado destacam as ruas da cidade transformadas em pista. Ao longo de quase cinco quil\u00f3metros, o percurso desafia os pilotos. <\/p>\n<p>As vistas a\u00e9reas mostram porque \u00e9 t\u00e3o desafiante. Para os adeptos, estas imagens valem mais do que mil palavras. <\/p>\n<h2>As Fotos do Circuito Internacional de Vila Real<\/h2>\n<p>Os registos fotogr\u00e1ficos das corridas revelam a velocidade e a adrenalina. As bancadas cheias proporcionam fotos memor\u00e1veis. Ano ap\u00f3s ano, profissionais e amadores imortalizam estes momentos. <\/p>\n<p>Estes registos tornam-se virais entre os adeptos, dando-lhe proje\u00e7\u00e3o. Para os que ficam em casa, as imagens d\u00e3o uma ideia do espet\u00e1culo. <\/p>\n<p>Ver fotografias de anos anteriores d\u00e1 uma ideia da emo\u00e7\u00e3o que se vive. As galerias online disponibilizam registos de cada edi\u00e7\u00e3o. <\/p>\n<h2>O Logo do Circuito Internacional de Vila Real<\/h2>\n<p>A marca da prova representa uma imagem de marca. Vis\u00edvel em toda a promo\u00e7\u00e3o, o logo ajuda a identificar a prova. <\/p>\n<p>Consoante a \u00e9poca, o grafismo pode ir sendo atualizado. Apesar das atualiza\u00e7\u00f5es, a sua marca evoca a tradi\u00e7\u00e3o das corridas de rua. <\/p>\n<p>Al\u00e9m de identificar o evento, a identidade visual liga gera\u00e7\u00f5es de f\u00e3s. Reconhec\u00ea-lo \u00e0 dist\u00e2ncia \u00e9 sinal de que a festa se aproxima. <\/p>\n<h2>Pre\u00e7os e Bilhetes para o Evento<\/h2>\n<p>A bilh\u00e9tica para a prova apresentam diferentes modalidades. Podem adquirir-se lugares numerados, assim como acessos gerais. As tarifas diferem entre bilhete di\u00e1rio e de fim de semana. <\/p>\n<p>Para garantir lugar, vale a pena adquirir a entrada atempadamente, sobretudo para as bancadas mais procuradas. A bilh\u00e9tica encontra-se nas plataformas indicadas pela organiza\u00e7\u00e3o. <\/p>\n<p>Para planear a ida ao evento ajudam a n\u00e3o falhar nada: <\/p>\n<ol>\n<li>Escolher os dias a assistir de 10 a 12 de julho. <\/li>\n<li>Comprar os bilhetes atempadamente para a zona pretendida. <\/li>\n<li>Reservar estadia se necess\u00e1rio, para evitar imprevistos. <\/li>\n<\/ol>\n<h2>Em Resumo o Que Esperar<\/h2>\n<p>Em conclus\u00e3o, o Circuito Internacional de Vila Real 2026 antecipa uma grande festa da velocidade. Do cl\u00e1ssico ao contempor\u00e2neo, este fim de semana oferece um programa completo. De 10 a 12 de julho, a cidade transmontana vibra com a velocidade. <\/p>\n<p>Para os adeptos, \u00e9 aconselh\u00e1vel planear a visita com anteced\u00eancia. Pela tradi\u00e7\u00e3o ou pela adrenalina, o Circuito Internacional de Vila Real 2026 \u00e9 uma paragem obrigat\u00f3ria. Junte-se aos adeptos nas ruas de Vila Real. <\/p>\n<p>Para fechar, o Circuito Internacional de Vila Real 2026 \u00e9 um encontro obrigat\u00f3rio para os amantes do automobilismo. Ao longo de d\u00e9cadas, mant\u00e9m-se capaz de reunir adeptos de v\u00e1rias gera\u00e7\u00f5es. Para veteranos e rec\u00e9m-chegados, o espet\u00e1culo repete-se ano ap\u00f3s ano. <\/p>\n<p>O apelo est\u00e1 feito: n\u00e3o deixe passar, prepare a viagem para sentir ao vivo um evento verdadeiramente \u00fanico. <\/p>\n","protected":false},"excerpt":{"rendered":"<p>Circuito Internacional de Vila Real 2026 Hist\u00f3ria e Emo\u00e7\u00e3o Datas e Hor\u00e1rios O Circuito Internacional de Vila Real regressa em 2026 para mais uma edi\u00e7\u00e3o memor\u00e1vel. Tido como um dos ex-l\u00edbris do desporto autom\u00f3vel nacional, decorre em pleno tra\u00e7ado citadino. Nas pr\u00f3ximas linhas percorremos os principais destaques deste grande evento, da hist\u00f3ria ao tra\u00e7ado. Fique [&hellip;]<\/p>\n","protected":false},"author":19,"featured_media":0,"comment_status":"open","ping_status":"open","sticky":false,"template":"","format":"standard","meta":{"footnotes":""},"categories":[11],"tags":[],"class_list":["post-494","post","type-post","status-publish","format-standard","hentry","category-blog"],"_links":{"self":[{"href":"https:\/\/51qumi.com\/index.php\/wp-json\/wp\/v2\/posts\/494","targetHints":{"allow":["GET"]}}],"collection":[{"href":"https:\/\/51qumi.com\/index.php\/wp-json\/wp\/v2\/posts"}],"about":[{"href":"https:\/\/51qumi.com\/index.php\/wp-json\/wp\/v2\/types\/post"}],"author":[{"embeddable":true,"href":"https:\/\/51qumi.com\/index.php\/wp-json\/wp\/v2\/users\/19"}],"replies":[{"embeddable":true,"href":"https:\/\/51qumi.com\/index.php\/wp-json\/wp\/v2\/comments?post=494"}],"version-history":[{"count":1,"href":"https:\/\/51qumi.com\/index.php\/wp-json\/wp\/v2\/posts\/494\/revisions"}],"predecessor-version":[{"id":495,"href":"https:\/\/51qumi.com\/index.php\/wp-json\/wp\/v2\/posts\/494\/revisions\/495"}],"wp:attachment":[{"href":"https:\/\/51qumi.com\/index.php\/wp-json\/wp\/v2\/media?parent=494"}],"wp:term":[{"taxonomy":"category","embeddable":true,"href":"https:\/\/51qumi.com\/index.php\/wp-json\/wp\/v2\/categories?post=494"},{"taxonomy":"post_tag","embeddable":true,"href":"https:\/\/51qumi.com\/index.php\/wp-json\/wp\/v2\/tags?post=494"}],"curies":[{"name":"wp","href":"https:\/\/api.w.org\/{rel}","templated":true}]}}